{"id":1171,"date":"2023-12-15T14:51:04","date_gmt":"2023-12-15T13:51:04","guid":{"rendered":"https:\/\/www.oel-engel.de\/blog\/?p=1171"},"modified":"2026-04-09T09:38:50","modified_gmt":"2026-04-09T07:38:50","slug":"e-mobilitaet-in-urbanen-raeumen-eine-nachhaltige-revolution","status":"publish","type":"post","link":"https:\/\/www.oel-engel.de\/blog\/e-mobilitaet-in-urbanen-raeumen-eine-nachhaltige-revolution\/","title":{"rendered":"E-Mobilit\u00e4t in urbanen R\u00e4umen: eine nachhaltige Revolution"},"content":{"rendered":"\r\n<p>Elektromobilit\u00e4t hat das Potenzial, urbane Verkehrssysteme mit Mini-Fahrzeugen wie von smart nachhaltiger und effizienter zu gestalten. Um dem Klimawandel entgegenzuwirken, suchen St\u00e4dte aktuell nach L\u00f6sungen zur Verbesserung der Luftqualit\u00e4t und Reduzierung des CO2-Aussto\u00dfes. Dieser Blog-Artikel beleuchtet die Entwicklung der E-Mobilit\u00e4t in urbanen R\u00e4umen und thematisiert die Vorteile, die sie f\u00fcr die Umwelt und Lebensqualit\u00e4t bedeuten k\u00f6nnen.<br \/><br \/><strong>Aktueller Stand der E-Mobilit\u00e4t in Deutschland<\/strong><br \/><br \/><a title=\"\" href=\"https:\/\/www.bmwk.de\/Navigation\/DE\/Home\/home.html\" target=\"_blank\" rel=\"noopener\">Das Bundesministerium f\u00fcr Wirtschaft und Klimaschutz<\/a> (BMWK) spricht sich f\u00fcr einen Ausbau der E-Mobilit\u00e4t aus. So hat die Bundesregierung im Jahr 2022 beschlossen, weitere Impulse f\u00fcr den Kauf von Elektrofahrzeugen wie von smart zu setzen. Daf\u00fcr sollen Mittel f\u00fcr den Ausbau der Ladeinfrastruktur aufgewendet werden. Laut Angaben des BMWK seien am 1. August 2022 bei der Bundesnetzagentur 55.570 Normalladepunkte und 10.231 Schnellladepunkte gemeldet gewesen. Au\u00dferdem seien beim Ministerium mehr als 640.000 Antr\u00e4ge zur F\u00f6rderung der E-Mobilit\u00e4t eingegangen. Bereits im Jahr 2021 h\u00e4tten 44 Prozent der neu angemeldeten Fahrzeuge einen alternativen Antrieb gehabt.<br \/><br \/>Bei der Gewinnung der Rohstoffe f\u00fcr Fahrzeug-Batterien richte die Bundesregierung ihr Augenmerk auf einen nachhaltigen, verantwortungsbewussten Abbau. Die Ampel-Koalition plane laut BMWK, den Anteil von Kobalt stark zu reduzieren und vorwiegend erneuerbare Energien zum Einsatz zu bringen. Die &#8222;gr\u00fcne&#8220; Lithium-Ionen-Batterie r\u00fccke in greifbare N\u00e4he, hei\u00dft es.<\/p>\r\n\r\n\r\n\r\n<figure class=\"wp-block-image size-large\"><img loading=\"lazy\" decoding=\"async\" width=\"1024\" height=\"517\" class=\"wp-image-1173\" src=\"http:\/\/www.oel-engel.de\/blog\/wp-content\/uploads\/2023\/12\/smart3-ncap-1-1024x517.png\" alt=\"\" \/><\/figure>\r\n\r\n\r\n\r\n<p><strong>Bessere Luftqualit\u00e4t in urbanen R\u00e4umen<\/strong><br \/><br \/>Einer der Hauptgr\u00fcnde, warum sich St\u00e4dte auf einen Ausbau der Elektromobilit\u00e4t konzentrieren, ist die Reduzierung von Luftverschmutzung und Treibhausgasemissionen. Elektrofahrzeuge produzieren im Vergleich zu traditionellen Verbrennungsmotoren weniger Schadstoffe. Wie der ADAC erkl\u00e4rt, entstehen jedoch auch bei der Stromproduktion CO2-und Schadstoff-Emissionen, die in die \u00d6ko-Bilanz der Fahrzeuge einberechnet werden m\u00fcssten. Au\u00dferdem sei die Herstellung der Batterien nach wie vor so energieaufwendig, dass ein Elektroauto seinen Lebenszyklus mit einem weitaus gr\u00f6\u00dferen CO2-Rucksack starte als ein Auto mit einem herk\u00f6mmlichen Verbrennungsmotor.<br \/><br \/>Je l\u00e4nger ein E-Fahrzeug in Betrieb sei und je sauberer der daf\u00fcr erforderliche Strom produziert werde, desto mehr schrumpfe der besagte CO2-Rucksack. Laut der CO2-Bilanz des ADAC k\u00f6nnten E-Autos den CO2-Nachteil ab Fahrleistungen von 45.000 bis 60.000 Kilometern ausgleichen.<br \/><br \/><strong>F\u00f6rderung erneuerbarer Energien in st\u00e4dtischen Gebieten<\/strong><br \/><br \/>Die Integration von Elektromobilit\u00e4t in Verkehrssysteme er\u00f6ffnet die M\u00f6glichkeit, in Ballungsgebieten erneuerbare Energien zu f\u00f6rdern. Schlie\u00dflich hat die Bundesregierung die Mission, Deutschland bis 2045 klimaneutral zu machen. Bereits bis 2030 zielt die Ampel darauf ab, dass mindestens 80 Prozent des verbrauchten Stroms aus erneuerbaren Energien stamme. St\u00e4dte haben beispielsweise die M\u00f6glichkeit, Photovoltaik-Anlagen f\u00fcr E-Fahrzeugbesitzer zu f\u00f6rdern, etwa auf dem eigenen Dach. Der \u00fcbersch\u00fcssige Strom, den die Fahrer nicht im Haushalt verbrauchen, k\u00f6nnte im Fahrzeug gespeichert werden.<br \/><br \/>Elektromobilit\u00e4t wird die Stadtplanung in Zukunft ma\u00dfgeblich beeinflussen. Der Bedarf an Ladestationen und die steigende Beliebtheit von Elektrofahrr\u00e4dern und E-Tretrollern erfordern eine Anpassung der st\u00e4dtischen Infrastruktur an die Nachfrage. Wichtig ist, die Bedienung so einfach wie m\u00f6glich zu gestalten, um E-Mobilit\u00e4t f\u00fcr einen gr\u00f6\u00dferen Teil der Bev\u00f6lkerung attraktiver zu machen. Der ADAC bem\u00e4ngelt jedoch, dass es bei der Handhabung der Ladestationen Unterschiede gebe. F\u00fcr manche werde eine Ladekarte ben\u00f6tigt, w\u00e4hrend bei anderen die Aktivierung per App funktioniere.<br \/><br \/><strong>Wirtschaftliche Auswirkungen der Elektromobilit\u00e4t<\/strong><br \/><br \/>Sobald ein solides Netz an Ladestationen vorhanden ist, kann E-Mobilit\u00e4t in urbanen R\u00e4umen positive wirtschaftliche Auswirkungen haben. Die Autobranche hat das Potenzial, zus\u00e4tzliche Arbeitspl\u00e4tze in St\u00e4dten zu schaffen. Innovative Produktionslinien und Fertigungstechniken bereiten sogar den N\u00e4hrboden f\u00fcr neue Jobm\u00f6glichkeiten, die es in der \u00c4ra der Verbrennungsmotoren nicht gegeben hat. Ein zukunftstr\u00e4chtiges Elektrofahrzeug mit markanten Linien und wenig Platzbedarf ist der <a title=\"\" href=\"https:\/\/de.smart.com\/de\/models\/hashtag-three\/\" target=\"_blank\" rel=\"noopener\">smart #3<\/a>. Die Batterie des sportlichen Kleinwagens mit verbesserter Aerodynamik ben\u00f6tigt nur 30 Minuten Ladezeit und hat eine maximale Reichweite von 455 Kilometern.<br \/><br \/>Fazit: Trotz der Herausforderungen sind die langfristigen Vorteile der Elektromobilit\u00e4t f\u00fcr St\u00e4dte und deren Bewohner unbestreitbar &#8211; eine Revolution im urbanen Verkehr.<\/p>\r\n\r\n\r\n\r\n<figure class=\"wp-block-image size-large\"><img decoding=\"async\" class=\"wp-image-1175\" src=\"https:\/\/www.oel-engel.de\/blog\/wp-content\/uploads\/2023\/12\/smart3-adas-1-1-1024x1024.jpg\" alt=\"\" \/><\/figure>\r\n","protected":false},"excerpt":{"rendered":"<p>Elektromobilit\u00e4t hat das Potenzial, urbane Verkehrssysteme mit Mini-Fahrzeugen wie von smart nachhaltiger und effizienter zu<\/p>\n","protected":false},"author":1,"featured_media":0,"comment_status":"open","ping_status":"closed","sticky":false,"template":"","format":"standard","meta":{"footnotes":""},"categories":[55],"tags":[303,304],"class_list":["post-1171","post","type-post","status-publish","format-standard","hentry","category-nutzliche-links","tag-e-mobilitaet","tag-smart3"],"aioseo_notices":[],"_links":{"self":[{"href":"https:\/\/www.oel-engel.de\/blog\/wp-json\/wp\/v2\/posts\/1171","targetHints":{"allow":["GET"]}}],"collection":[{"href":"https:\/\/www.oel-engel.de\/blog\/wp-json\/wp\/v2\/posts"}],"about":[{"href":"https:\/\/www.oel-engel.de\/blog\/wp-json\/wp\/v2\/types\/post"}],"author":[{"embeddable":true,"href":"https:\/\/www.oel-engel.de\/blog\/wp-json\/wp\/v2\/users\/1"}],"replies":[{"embeddable":true,"href":"https:\/\/www.oel-engel.de\/blog\/wp-json\/wp\/v2\/comments?post=1171"}],"version-history":[{"count":3,"href":"https:\/\/www.oel-engel.de\/blog\/wp-json\/wp\/v2\/posts\/1171\/revisions"}],"predecessor-version":[{"id":1822,"href":"https:\/\/www.oel-engel.de\/blog\/wp-json\/wp\/v2\/posts\/1171\/revisions\/1822"}],"wp:attachment":[{"href":"https:\/\/www.oel-engel.de\/blog\/wp-json\/wp\/v2\/media?parent=1171"}],"wp:term":[{"taxonomy":"category","embeddable":true,"href":"https:\/\/www.oel-engel.de\/blog\/wp-json\/wp\/v2\/categories?post=1171"},{"taxonomy":"post_tag","embeddable":true,"href":"https:\/\/www.oel-engel.de\/blog\/wp-json\/wp\/v2\/tags?post=1171"}],"curies":[{"name":"wp","href":"https:\/\/api.w.org\/{rel}","templated":true}]}}